{"id":4710,"date":"2024-06-13T13:47:45","date_gmt":"2024-06-13T13:47:45","guid":{"rendered":"https:\/\/www.mrn.ch\/actualite\/spectaculum-two-successful-days-of-celebration\/"},"modified":"2026-02-17T16:20:13","modified_gmt":"2026-02-17T16:20:13","slug":"spectaculum-two-successful-days-of-celebration","status":"publish","type":"news","link":"https:\/\/www.mrn.ch\/en\/News\/spectaculum-two-successful-days-of-celebration\/","title":{"rendered":"SPECTACULUM! Two successful days of celebration"},"content":{"rendered":"\n<p>During the Journ\u00e9es romaines, in collaboration with the Journ\u00e9es vaudoises d&#8217;arch\u00e9ologie, on June 8 and 9 in Nyon:<\/p>\n\n<ul class=\"wp-block-list\">\n<li>More than 5,000 people visited the Esplanade des Marronniers and the Roman Museum in Nyon,<\/li>\n\n\n\n<li>13 guided tours of the amphitheatre and the exhibition dedicated to it at the museum,<\/li>\n\n\n\n<li>7 gladiator fights and 5 introductory gladiator sessions for children,<\/li>\n\n\n\n<li>12 theatrical performances and as many storytelling events,<\/li>\n\n\n\n<li>14 stands to present all aspects of archaeology and antiquity, with games, crafts, workshops, tastings and demonstrations.<\/li>\n<\/ul>\n\n<p>These two days of festivities were a great success!<\/p>\n\n<figure class=\"wp-block-embed is-type-video is-provider-youtube wp-block-embed-youtube wp-embed-aspect-16-9 wp-has-aspect-ratio\"><div class=\"wp-block-embed__wrapper\">\n<iframe loading=\"lazy\" title=\"SPECTACULUM! Journ\u00e9es romaines en collaboration avec les Journ\u00e9es vaudoises d&#039;arch\u00e9ologie\" width=\"500\" height=\"281\" src=\"https:\/\/www.youtube.com\/embed\/rIN-0nA1uhg?feature=oembed\" frameborder=\"0\" allow=\"accelerometer; autoplay; clipboard-write; encrypted-media; gyroscope; picture-in-picture; web-share\" referrerpolicy=\"strict-origin-when-cross-origin\" allowfullscreen><\/iframe>\n<\/div><figcaption class=\"wp-element-caption\">Film directed by Antoine Deblangy (@obitoine_)<\/figcaption><\/figure>\n\n<p><\/p>\n","protected":false},"featured_media":3356,"template":"","news_category":[32,31,36],"class_list":["post-4710","news","type-news","status-publish","has-post-thumbnail","hentry","news_category-amphitheater","news_category-news","news_category-roman-days"],"acf":[],"yoast_head":"<!-- This site is optimized with the Yoast SEO plugin v27.4 - https:\/\/yoast.com\/product\/yoast-seo-wordpress\/ -->\n<title>SPECTACULUM! Two successful days of celebration - RMN<\/title>\n<meta name=\"robots\" content=\"index, follow, max-snippet:-1, max-image-preview:large, max-video-preview:-1\" \/>\n<link rel=\"canonical\" href=\"https:\/\/www.mrn.ch\/en\/News\/spectaculum-two-successful-days-of-celebration\/\" \/>\n<meta property=\"og:locale\" content=\"en_US\" \/>\n<meta property=\"og:type\" content=\"article\" \/>\n<meta property=\"og:title\" content=\"SPECTACULUM! Two successful days of celebration - RMN\" \/>\n<meta property=\"og:description\" content=\"During the Journ\u00e9es romaines, in collaboration with the Journ\u00e9es vaudoises d&#8217;arch\u00e9ologie, on June 8 and 9 in Nyon: These two days of festivities were a great success!\" \/>\n<meta property=\"og:url\" content=\"https:\/\/www.mrn.ch\/en\/News\/spectaculum-two-successful-days-of-celebration\/\" \/>\n<meta property=\"og:site_name\" content=\"RMN\" \/>\n<meta property=\"article:publisher\" content=\"https:\/\/www.facebook.com\/museeromaindenyon\/\" \/>\n<meta property=\"article:modified_time\" content=\"2026-02-17T16:20:13+00:00\" \/>\n<meta property=\"og:image\" content=\"https:\/\/www.mrn.ch\/wp-content\/uploads\/2024\/06\/2024_BB_Spectaculum_Couverture_Photo_Samedi-03808.png\" \/>\n\t<meta property=\"og:image:width\" content=\"945\" \/>\n\t<meta property=\"og:image:height\" content=\"631\" \/>\n\t<meta property=\"og:image:type\" content=\"image\/png\" \/>\n<meta name=\"twitter:card\" content=\"summary_large_image\" \/>\n<meta name=\"twitter:label1\" content=\"Est. reading time\" \/>\n\t<meta name=\"twitter:data1\" content=\"1 minute\" \/>\n<script type=\"application\/ld+json\" class=\"yoast-schema-graph\">{\"@context\":\"https:\\\/\\\/schema.org\",\"@graph\":[{\"@type\":\"WebPage\",\"@id\":\"https:\\\/\\\/www.mrn.ch\\\/en\\\/News\\\/spectaculum-two-successful-days-of-celebration\\\/\",\"url\":\"https:\\\/\\\/www.mrn.ch\\\/en\\\/News\\\/spectaculum-two-successful-days-of-celebration\\\/\",\"name\":\"SPECTACULUM! Two successful days of celebration - RMN\",\"isPartOf\":{\"@id\":\"https:\\\/\\\/www.mrn.ch\\\/#website\"},\"primaryImageOfPage\":{\"@id\":\"https:\\\/\\\/www.mrn.ch\\\/en\\\/News\\\/spectaculum-two-successful-days-of-celebration\\\/#primaryimage\"},\"image\":{\"@id\":\"https:\\\/\\\/www.mrn.ch\\\/en\\\/News\\\/spectaculum-two-successful-days-of-celebration\\\/#primaryimage\"},\"thumbnailUrl\":\"https:\\\/\\\/www.mrn.ch\\\/wp-content\\\/uploads\\\/2024\\\/06\\\/2024_BB_Spectaculum_Couverture_Photo_Samedi-03808.png\",\"datePublished\":\"2024-06-13T13:47:45+00:00\",\"dateModified\":\"2026-02-17T16:20:13+00:00\",\"breadcrumb\":{\"@id\":\"https:\\\/\\\/www.mrn.ch\\\/en\\\/News\\\/spectaculum-two-successful-days-of-celebration\\\/#breadcrumb\"},\"inLanguage\":\"en-US\",\"potentialAction\":[{\"@type\":\"ReadAction\",\"target\":[\"https:\\\/\\\/www.mrn.ch\\\/en\\\/News\\\/spectaculum-two-successful-days-of-celebration\\\/\"]}]},{\"@type\":\"ImageObject\",\"inLanguage\":\"en-US\",\"@id\":\"https:\\\/\\\/www.mrn.ch\\\/en\\\/News\\\/spectaculum-two-successful-days-of-celebration\\\/#primaryimage\",\"url\":\"https:\\\/\\\/www.mrn.ch\\\/wp-content\\\/uploads\\\/2024\\\/06\\\/2024_BB_Spectaculum_Couverture_Photo_Samedi-03808.png\",\"contentUrl\":\"https:\\\/\\\/www.mrn.ch\\\/wp-content\\\/uploads\\\/2024\\\/06\\\/2024_BB_Spectaculum_Couverture_Photo_Samedi-03808.png\",\"width\":945,\"height\":631,\"caption\":\"Spectaculum! Juin 2024 Benjamin Banon\"},{\"@type\":\"BreadcrumbList\",\"@id\":\"https:\\\/\\\/www.mrn.ch\\\/en\\\/News\\\/spectaculum-two-successful-days-of-celebration\\\/#breadcrumb\",\"itemListElement\":[{\"@type\":\"ListItem\",\"position\":1,\"name\":\"Accueil\",\"item\":\"https:\\\/\\\/www.mrn.ch\\\/en\\\/\"},{\"@type\":\"ListItem\",\"position\":2,\"name\":\"SPECTACULUM! Two successful days of celebration\"}]},{\"@type\":\"WebSite\",\"@id\":\"https:\\\/\\\/www.mrn.ch\\\/#website\",\"url\":\"https:\\\/\\\/www.mrn.ch\\\/\",\"name\":\"MRN\",\"description\":\"\",\"publisher\":{\"@id\":\"https:\\\/\\\/www.mrn.ch\\\/#organization\"},\"potentialAction\":[{\"@type\":\"SearchAction\",\"target\":{\"@type\":\"EntryPoint\",\"urlTemplate\":\"https:\\\/\\\/www.mrn.ch\\\/?s={search_term_string}\"},\"query-input\":{\"@type\":\"PropertyValueSpecification\",\"valueRequired\":true,\"valueName\":\"search_term_string\"}}],\"inLanguage\":\"en-US\"},{\"@type\":\"Organization\",\"@id\":\"https:\\\/\\\/www.mrn.ch\\\/#organization\",\"name\":\"Mus\u00e9e Romain de Nyon\",\"url\":\"https:\\\/\\\/www.mrn.ch\\\/\",\"logo\":{\"@type\":\"ImageObject\",\"inLanguage\":\"en-US\",\"@id\":\"https:\\\/\\\/www.mrn.ch\\\/#\\\/schema\\\/logo\\\/image\\\/\",\"url\":\"http:\\\/\\\/www.mrn.ch\\\/wp-content\\\/uploads\\\/2023\\\/06\\\/ROMAIN-NYON-LOGO1-NOIR-1.png\",\"contentUrl\":\"http:\\\/\\\/www.mrn.ch\\\/wp-content\\\/uploads\\\/2023\\\/06\\\/ROMAIN-NYON-LOGO1-NOIR-1.png\",\"width\":664,\"height\":276,\"caption\":\"Mus\u00e9e Romain de Nyon\"},\"image\":{\"@id\":\"https:\\\/\\\/www.mrn.ch\\\/#\\\/schema\\\/logo\\\/image\\\/\"},\"sameAs\":[\"https:\\\/\\\/www.facebook.com\\\/museeromaindenyon\\\/\",\"https:\\\/\\\/www.instagram.com\\\/musee_romain_nyon\\\/\"]}]}<\/script>\n<!-- \/ Yoast SEO plugin. -->","yoast_head_json":{"title":"SPECTACULUM! Two successful days of celebration - RMN","robots":{"index":"index","follow":"follow","max-snippet":"max-snippet:-1","max-image-preview":"max-image-preview:large","max-video-preview":"max-video-preview:-1"},"canonical":"https:\/\/www.mrn.ch\/en\/News\/spectaculum-two-successful-days-of-celebration\/","og_locale":"en_US","og_type":"article","og_title":"SPECTACULUM! Two successful days of celebration - RMN","og_description":"During the Journ\u00e9es romaines, in collaboration with the Journ\u00e9es vaudoises d&#8217;arch\u00e9ologie, on June 8 and 9 in Nyon: These two days of festivities were a great success!","og_url":"https:\/\/www.mrn.ch\/en\/News\/spectaculum-two-successful-days-of-celebration\/","og_site_name":"RMN","article_publisher":"https:\/\/www.facebook.com\/museeromaindenyon\/","article_modified_time":"2026-02-17T16:20:13+00:00","og_image":[{"width":945,"height":631,"url":"https:\/\/www.mrn.ch\/wp-content\/uploads\/2024\/06\/2024_BB_Spectaculum_Couverture_Photo_Samedi-03808.png","type":"image\/png"}],"twitter_card":"summary_large_image","twitter_misc":{"Est. reading time":"1 minute"},"schema":{"@context":"https:\/\/schema.org","@graph":[{"@type":"WebPage","@id":"https:\/\/www.mrn.ch\/en\/News\/spectaculum-two-successful-days-of-celebration\/","url":"https:\/\/www.mrn.ch\/en\/News\/spectaculum-two-successful-days-of-celebration\/","name":"SPECTACULUM! Two successful days of celebration - RMN","isPartOf":{"@id":"https:\/\/www.mrn.ch\/#website"},"primaryImageOfPage":{"@id":"https:\/\/www.mrn.ch\/en\/News\/spectaculum-two-successful-days-of-celebration\/#primaryimage"},"image":{"@id":"https:\/\/www.mrn.ch\/en\/News\/spectaculum-two-successful-days-of-celebration\/#primaryimage"},"thumbnailUrl":"https:\/\/www.mrn.ch\/wp-content\/uploads\/2024\/06\/2024_BB_Spectaculum_Couverture_Photo_Samedi-03808.png","datePublished":"2024-06-13T13:47:45+00:00","dateModified":"2026-02-17T16:20:13+00:00","breadcrumb":{"@id":"https:\/\/www.mrn.ch\/en\/News\/spectaculum-two-successful-days-of-celebration\/#breadcrumb"},"inLanguage":"en-US","potentialAction":[{"@type":"ReadAction","target":["https:\/\/www.mrn.ch\/en\/News\/spectaculum-two-successful-days-of-celebration\/"]}]},{"@type":"ImageObject","inLanguage":"en-US","@id":"https:\/\/www.mrn.ch\/en\/News\/spectaculum-two-successful-days-of-celebration\/#primaryimage","url":"https:\/\/www.mrn.ch\/wp-content\/uploads\/2024\/06\/2024_BB_Spectaculum_Couverture_Photo_Samedi-03808.png","contentUrl":"https:\/\/www.mrn.ch\/wp-content\/uploads\/2024\/06\/2024_BB_Spectaculum_Couverture_Photo_Samedi-03808.png","width":945,"height":631,"caption":"Spectaculum! Juin 2024 Benjamin Banon"},{"@type":"BreadcrumbList","@id":"https:\/\/www.mrn.ch\/en\/News\/spectaculum-two-successful-days-of-celebration\/#breadcrumb","itemListElement":[{"@type":"ListItem","position":1,"name":"Accueil","item":"https:\/\/www.mrn.ch\/en\/"},{"@type":"ListItem","position":2,"name":"SPECTACULUM! Two successful days of celebration"}]},{"@type":"WebSite","@id":"https:\/\/www.mrn.ch\/#website","url":"https:\/\/www.mrn.ch\/","name":"MRN","description":"","publisher":{"@id":"https:\/\/www.mrn.ch\/#organization"},"potentialAction":[{"@type":"SearchAction","target":{"@type":"EntryPoint","urlTemplate":"https:\/\/www.mrn.ch\/?s={search_term_string}"},"query-input":{"@type":"PropertyValueSpecification","valueRequired":true,"valueName":"search_term_string"}}],"inLanguage":"en-US"},{"@type":"Organization","@id":"https:\/\/www.mrn.ch\/#organization","name":"Mus\u00e9e Romain de Nyon","url":"https:\/\/www.mrn.ch\/","logo":{"@type":"ImageObject","inLanguage":"en-US","@id":"https:\/\/www.mrn.ch\/#\/schema\/logo\/image\/","url":"http:\/\/www.mrn.ch\/wp-content\/uploads\/2023\/06\/ROMAIN-NYON-LOGO1-NOIR-1.png","contentUrl":"http:\/\/www.mrn.ch\/wp-content\/uploads\/2023\/06\/ROMAIN-NYON-LOGO1-NOIR-1.png","width":664,"height":276,"caption":"Mus\u00e9e Romain de Nyon"},"image":{"@id":"https:\/\/www.mrn.ch\/#\/schema\/logo\/image\/"},"sameAs":["https:\/\/www.facebook.com\/museeromaindenyon\/","https:\/\/www.instagram.com\/musee_romain_nyon\/"]}]}},"_links":{"self":[{"href":"https:\/\/www.mrn.ch\/en\/wp-json\/wp\/v2\/news\/4710","targetHints":{"allow":["GET"]}}],"collection":[{"href":"https:\/\/www.mrn.ch\/en\/wp-json\/wp\/v2\/news"}],"about":[{"href":"https:\/\/www.mrn.ch\/en\/wp-json\/wp\/v2\/types\/news"}],"wp:featuredmedia":[{"embeddable":true,"href":"https:\/\/www.mrn.ch\/en\/wp-json\/wp\/v2\/media\/3356"}],"wp:attachment":[{"href":"https:\/\/www.mrn.ch\/en\/wp-json\/wp\/v2\/media?parent=4710"}],"wp:term":[{"taxonomy":"news_category","embeddable":true,"href":"https:\/\/www.mrn.ch\/en\/wp-json\/wp\/v2\/news_category?post=4710"}],"curies":[{"name":"wp","href":"https:\/\/api.w.org\/{rel}","templated":true}]}}