{"id":4740,"date":"2023-10-17T14:38:18","date_gmt":"2023-10-17T14:38:18","guid":{"rendered":"https:\/\/www.mrn.ch\/the-history-of-the-roman-museum\/"},"modified":"2026-02-17T16:22:06","modified_gmt":"2026-02-17T16:22:06","slug":"the-history-of-the-roman-museum","status":"publish","type":"post","link":"https:\/\/www.mrn.ch\/en\/the-history-of-the-roman-museum\/","title":{"rendered":"The history of the Roman Museum!"},"content":{"rendered":"\n<h2 class=\"wp-block-heading\"><strong>Long-term cohabitation<\/strong><\/h2>\n\n<p>The construction of the town of Nyon dates back to Roman times, so over two thousand years of history lie under the feet of the people of Nyon! After the decline of the colony and the gradual abandonment of its monuments, the town was never completely deserted. The remains of the ancient city give way to the medieval town, then to modern buildings, which have considerably damaged the latter. As a result, excavations within Nyon&#8217;s walls often bring to light the town&#8217;s Roman past.   <\/p>\n\n<h2 class=\"wp-block-heading\"><strong>A burgeoning interest in antiquity<\/strong><\/h2>\n\n<p>The first mentions of Roman remains in Nyon appear in scholarly writings from the 16th<sup><sup>e<\/sup><\/sup> and <sup>17th<\/sup> centuries. Then, chance finds in cellars and basements began to interest scholars. As Nyon did not yet have a museum, the first objects discovered were generally taken to the Museum of History in Berne, the Museum of Art and History in Geneva and the Cantonal Museum of Archaeology and History in Lausanne.    <\/p>\n\n<h2 class=\"wp-block-heading\"><strong>The first museums<\/strong><\/h2>\n\n<p>In 1860, Th\u00e9odore Wellauer, a schoolteacher from Nyon, became fascinated by all these discoveries and founded the Soci\u00e9t\u00e9 du Mus\u00e9e. Its aim was to &#8220;collect and preserve antiquities, inscriptions, historical documents, medals, coins, natural history objects&#8230;&#8221;. (Soci\u00e9t\u00e9 du Mus\u00e9e bylaws, September 23, 1860). A local history museum was created at the Coll\u00e8ge de Nyon, with Th\u00e9odore Wellauer as its curator. He remained at the head of the museum from 1869 to 1907.   <\/p>\n\n<p>In 1888, the Society transferred its collections to the town of Nyon, and the museum became a municipal institution. With its new status, it moved to the first floor of the ch\u00e2teau.   <\/p>\n\n<h2 class=\"wp-block-heading\"><strong>Discovery of the basilica and birth of the new museum<\/strong><\/h2>\n\n<p>After extensive fieldwork, which enabled us to gain a better understanding of <em>Colonia Iulia Equestris,<\/em> a major discovery was made. In early July 1974, during excavations directed by cantonal archaeologist Denis Weidmann, the Roman basilica was discovered. It was one of the most important buildings in a Roman city, since it was here that all the administrative, political and judicial affairs of the civic community were settled. The interest shown by the people of Nyon in this discovery was such that the town decided to use the foundation walls of the building to create a new museum dedicated to its Roman past.   <\/p>\n\n<p>On September 14, 1979, the new museum was inaugurated with a grand celebration. It was christened the &#8220;Roman Basilica and Museum&#8221;. <\/p>\n\n<h2 class=\"wp-block-heading\">A statue of Julius Caesar<\/h2>\n\n<p>A statue of Julius Caesar <em>Imperator<\/em> was erected in 1980 on the outskirts of the institution, to make it more visible and evoke the city&#8217;s famous founder. It&#8217;s a cast copy of the original marble statue in Rome&#8217;s Capitoline Hill, in the council chamber of the Palazzo<em>Senatorio<\/em>, which is unfortunately not open to the public.   <\/p>\n\n<figure class=\"wp-block-image size-large\"><img loading=\"lazy\" decoding=\"async\" width=\"1024\" height=\"729\" src=\"http:\/\/www.mrn.ch\/wp-content\/uploads\/2024\/03\/MRNInauguration-1024x729.jpg\" alt=\"Inauguration of the Roman Museum of Nyon in September 1979\" class=\"wp-image-2453\" srcset=\"https:\/\/www.mrn.ch\/wp-content\/uploads\/2024\/03\/MRNInauguration-1024x729.jpg 1024w, https:\/\/www.mrn.ch\/wp-content\/uploads\/2024\/03\/MRNInauguration-300x213.jpg 300w, https:\/\/www.mrn.ch\/wp-content\/uploads\/2024\/03\/MRNInauguration-768x547.jpg 768w, https:\/\/www.mrn.ch\/wp-content\/uploads\/2024\/03\/MRNInauguration-1536x1094.jpg 1536w, https:\/\/www.mrn.ch\/wp-content\/uploads\/2024\/03\/MRNInauguration-2048x1459.jpg 2048w, https:\/\/www.mrn.ch\/wp-content\/uploads\/2024\/03\/MRNInauguration.jpg 1403w\" sizes=\"auto, (max-width: 1024px) 100vw, 1024px\" \/><figcaption class=\"wp-element-caption\">Inauguration of the Roman Museum of Nyon, September 1979<\/figcaption><\/figure>\n\n<h2 class=\"wp-block-heading\"><strong>The museum gets a makeover<\/strong><\/h2>\n\n<p>Since 1979, the museum has undergone several transformations, the first of which took place in 1993. The City of Nyon decided to completely excavate the foundations of part of the basilica&#8217;s north-east ambulatory, which had been uncovered under the Rue du Vieux-March\u00e9, enabling an extension to be added to the museum. As a result, the layout of the basilica is now easier to understand for the public.  <\/p>\n\n<p>Then, in 2009, the permanent exhibition was completely overhauled to incorporate recent discoveries. At the same time, the entrance walls were repainted bright red, the color of cinnabar, the famous Pompeian red. The reception area furniture, meanwhile, was painted yellow, adding a cheerful touch to the space.  <\/p>\n\n<p>The exhibition space is also changing color: its floor and furnishings are now mauve, to highlight the Basilica&#8217;s pale walls. All the museum&#8217;s lighting has been renewed: the display cases have been fitted with LED sources. <\/p>\n\n<p>For this thirtieth anniversary, the entrance to the museum has also been redesigned<strong>. <\/strong>The access ramp has been returned to its role as an &#8220;airlock&#8221; in unfinished concrete, free from any intervention. It creates a passageway to antiquity, inviting visitors to leave the modern world behind as they descend into the archaeological stratigraphy. <\/p>\n\n<p>In 2019, the Roman Museum celebrated its fortieth anniversary. The permanent exhibition has seen two digital devices added to keep up with the times. The first allows visitors to explore the Basilica via a video featuring a 3D reconstruction of the building, while the second immerses visitors in the thermal baths.  <\/p>\n\n<p>The copy of the statue of Julius Caesar, damaged by the ravages of time, was replaced.  <\/p>\n\n<h2 class=\"wp-block-heading\"><strong>The Roman Museum, an ongoing story<\/strong><\/h2>\n\n<p>And there&#8217;s more to come! The museum still has many exciting projects to come. One thing&#8217;s for sure: the story of the Roman Museum of Nyon is just beginning!  <\/p>\n\n<p class=\"author\">\n  <span class=\"author_name\">Auriane Mandelert  <\/span>\n  <span class=\"author_description\">Roman Museum of Nyon, 2020  <\/span>\n<\/p>","protected":false},"excerpt":{"rendered":"<p>Long-term cohabitation The construction of the town of Nyon dates back to Roman times, so over two thousand years of history lie under the feet of the people of Nyon! After the decline of the colony and the gradual abandonment of its monuments, the town was never completely deserted. The remains of the ancient city [&hellip;]<\/p>\n","protected":false},"author":6,"featured_media":2454,"comment_status":"closed","ping_status":"closed","sticky":false,"template":"","format":"standard","meta":{"_acf_changed":false,"footnotes":""},"categories":[4],"tags":[],"class_list":["post-4740","post","type-post","status-publish","format-standard","has-post-thumbnail","hentry","category-uncategorized"],"acf":[],"yoast_head":"<!-- This site is optimized with the Yoast SEO plugin v27.4 - https:\/\/yoast.com\/product\/yoast-seo-wordpress\/ -->\n<title>The history of the Roman Museum! - RMN<\/title>\n<meta name=\"robots\" content=\"index, follow, max-snippet:-1, max-image-preview:large, max-video-preview:-1\" \/>\n<link rel=\"canonical\" href=\"https:\/\/www.mrn.ch\/en\/the-history-of-the-roman-museum\/\" \/>\n<meta property=\"og:locale\" content=\"en_US\" \/>\n<meta property=\"og:type\" content=\"article\" \/>\n<meta property=\"og:title\" content=\"The history of the Roman Museum! - RMN\" \/>\n<meta property=\"og:description\" content=\"Long-term cohabitation The construction of the town of Nyon dates back to Roman times, so over two thousand years of history lie under the feet of the people of Nyon! After the decline of the colony and the gradual abandonment of its monuments, the town was never completely deserted. The remains of the ancient city [&hellip;]\" \/>\n<meta property=\"og:url\" content=\"https:\/\/www.mrn.ch\/en\/the-history-of-the-roman-museum\/\" \/>\n<meta property=\"og:site_name\" content=\"RMN\" \/>\n<meta property=\"article:publisher\" content=\"https:\/\/www.facebook.com\/museeromaindenyon\/\" \/>\n<meta property=\"article:published_time\" content=\"2023-10-17T14:38:18+00:00\" \/>\n<meta property=\"article:modified_time\" content=\"2026-02-17T16:22:06+00:00\" \/>\n<meta property=\"og:image\" content=\"https:\/\/www.mrn.ch\/wp-content\/uploads\/2024\/03\/MRNInauguration.jpg\" \/>\n\t<meta property=\"og:image:width\" content=\"1403\" \/>\n\t<meta property=\"og:image:height\" content=\"1000\" \/>\n\t<meta property=\"og:image:type\" content=\"image\/jpeg\" \/>\n<meta name=\"author\" content=\"Auriane Mandelert\" \/>\n<meta name=\"twitter:card\" content=\"summary_large_image\" \/>\n<meta name=\"twitter:label1\" content=\"Written by\" \/>\n\t<meta name=\"twitter:data1\" content=\"Auriane Mandelert\" \/>\n\t<meta name=\"twitter:label2\" content=\"Est. reading time\" \/>\n\t<meta name=\"twitter:data2\" content=\"4 minutes\" \/>\n<script type=\"application\/ld+json\" class=\"yoast-schema-graph\">{\"@context\":\"https:\\\/\\\/schema.org\",\"@graph\":[{\"@type\":\"Article\",\"@id\":\"https:\\\/\\\/www.mrn.ch\\\/en\\\/the-history-of-the-roman-museum\\\/#article\",\"isPartOf\":{\"@id\":\"https:\\\/\\\/www.mrn.ch\\\/en\\\/the-history-of-the-roman-museum\\\/\"},\"author\":{\"name\":\"Auriane Mandelert\",\"@id\":\"https:\\\/\\\/www.mrn.ch\\\/#\\\/schema\\\/person\\\/cc04220813d723fb76fbe6dea61067b4\"},\"headline\":\"The history of the Roman Museum!\",\"datePublished\":\"2023-10-17T14:38:18+00:00\",\"dateModified\":\"2026-02-17T16:22:06+00:00\",\"mainEntityOfPage\":{\"@id\":\"https:\\\/\\\/www.mrn.ch\\\/en\\\/the-history-of-the-roman-museum\\\/\"},\"wordCount\":789,\"publisher\":{\"@id\":\"https:\\\/\\\/www.mrn.ch\\\/#organization\"},\"image\":{\"@id\":\"https:\\\/\\\/www.mrn.ch\\\/en\\\/the-history-of-the-roman-museum\\\/#primaryimage\"},\"thumbnailUrl\":\"https:\\\/\\\/www.mrn.ch\\\/wp-content\\\/uploads\\\/2024\\\/03\\\/MRNInauguration.jpg\",\"inLanguage\":\"en-US\"},{\"@type\":\"WebPage\",\"@id\":\"https:\\\/\\\/www.mrn.ch\\\/en\\\/the-history-of-the-roman-museum\\\/\",\"url\":\"https:\\\/\\\/www.mrn.ch\\\/en\\\/the-history-of-the-roman-museum\\\/\",\"name\":\"The history of the Roman Museum! - RMN\",\"isPartOf\":{\"@id\":\"https:\\\/\\\/www.mrn.ch\\\/#website\"},\"primaryImageOfPage\":{\"@id\":\"https:\\\/\\\/www.mrn.ch\\\/en\\\/the-history-of-the-roman-museum\\\/#primaryimage\"},\"image\":{\"@id\":\"https:\\\/\\\/www.mrn.ch\\\/en\\\/the-history-of-the-roman-museum\\\/#primaryimage\"},\"thumbnailUrl\":\"https:\\\/\\\/www.mrn.ch\\\/wp-content\\\/uploads\\\/2024\\\/03\\\/MRNInauguration.jpg\",\"datePublished\":\"2023-10-17T14:38:18+00:00\",\"dateModified\":\"2026-02-17T16:22:06+00:00\",\"breadcrumb\":{\"@id\":\"https:\\\/\\\/www.mrn.ch\\\/en\\\/the-history-of-the-roman-museum\\\/#breadcrumb\"},\"inLanguage\":\"en-US\",\"potentialAction\":[{\"@type\":\"ReadAction\",\"target\":[\"https:\\\/\\\/www.mrn.ch\\\/en\\\/the-history-of-the-roman-museum\\\/\"]}]},{\"@type\":\"ImageObject\",\"inLanguage\":\"en-US\",\"@id\":\"https:\\\/\\\/www.mrn.ch\\\/en\\\/the-history-of-the-roman-museum\\\/#primaryimage\",\"url\":\"https:\\\/\\\/www.mrn.ch\\\/wp-content\\\/uploads\\\/2024\\\/03\\\/MRNInauguration.jpg\",\"contentUrl\":\"https:\\\/\\\/www.mrn.ch\\\/wp-content\\\/uploads\\\/2024\\\/03\\\/MRNInauguration.jpg\",\"width\":1403,\"height\":1000,\"caption\":\"Inauguration of the Roman Museum of Nyon, September 1979\"},{\"@type\":\"BreadcrumbList\",\"@id\":\"https:\\\/\\\/www.mrn.ch\\\/en\\\/the-history-of-the-roman-museum\\\/#breadcrumb\",\"itemListElement\":[{\"@type\":\"ListItem\",\"position\":1,\"name\":\"Accueil\",\"item\":\"https:\\\/\\\/www.mrn.ch\\\/en\\\/\"},{\"@type\":\"ListItem\",\"position\":2,\"name\":\"The history of the Roman Museum!\"}]},{\"@type\":\"WebSite\",\"@id\":\"https:\\\/\\\/www.mrn.ch\\\/#website\",\"url\":\"https:\\\/\\\/www.mrn.ch\\\/\",\"name\":\"MRN\",\"description\":\"\",\"publisher\":{\"@id\":\"https:\\\/\\\/www.mrn.ch\\\/#organization\"},\"potentialAction\":[{\"@type\":\"SearchAction\",\"target\":{\"@type\":\"EntryPoint\",\"urlTemplate\":\"https:\\\/\\\/www.mrn.ch\\\/?s={search_term_string}\"},\"query-input\":{\"@type\":\"PropertyValueSpecification\",\"valueRequired\":true,\"valueName\":\"search_term_string\"}}],\"inLanguage\":\"en-US\"},{\"@type\":\"Organization\",\"@id\":\"https:\\\/\\\/www.mrn.ch\\\/#organization\",\"name\":\"Mus\u00e9e Romain de Nyon\",\"url\":\"https:\\\/\\\/www.mrn.ch\\\/\",\"logo\":{\"@type\":\"ImageObject\",\"inLanguage\":\"en-US\",\"@id\":\"https:\\\/\\\/www.mrn.ch\\\/#\\\/schema\\\/logo\\\/image\\\/\",\"url\":\"http:\\\/\\\/www.mrn.ch\\\/wp-content\\\/uploads\\\/2023\\\/06\\\/ROMAIN-NYON-LOGO1-NOIR-1.png\",\"contentUrl\":\"http:\\\/\\\/www.mrn.ch\\\/wp-content\\\/uploads\\\/2023\\\/06\\\/ROMAIN-NYON-LOGO1-NOIR-1.png\",\"width\":664,\"height\":276,\"caption\":\"Mus\u00e9e Romain de Nyon\"},\"image\":{\"@id\":\"https:\\\/\\\/www.mrn.ch\\\/#\\\/schema\\\/logo\\\/image\\\/\"},\"sameAs\":[\"https:\\\/\\\/www.facebook.com\\\/museeromaindenyon\\\/\",\"https:\\\/\\\/www.instagram.com\\\/musee_romain_nyon\\\/\"]},{\"@type\":\"Person\",\"@id\":\"https:\\\/\\\/www.mrn.ch\\\/#\\\/schema\\\/person\\\/cc04220813d723fb76fbe6dea61067b4\",\"name\":\"Auriane Mandelert\",\"image\":{\"@type\":\"ImageObject\",\"inLanguage\":\"en-US\",\"@id\":\"https:\\\/\\\/secure.gravatar.com\\\/avatar\\\/fcb850afcea6f9f75e95bbbfd533e6fff7ce48b7d999be8e0b9f5dfea6247254?s=96&d=mm&r=g\",\"url\":\"https:\\\/\\\/secure.gravatar.com\\\/avatar\\\/fcb850afcea6f9f75e95bbbfd533e6fff7ce48b7d999be8e0b9f5dfea6247254?s=96&d=mm&r=g\",\"contentUrl\":\"https:\\\/\\\/secure.gravatar.com\\\/avatar\\\/fcb850afcea6f9f75e95bbbfd533e6fff7ce48b7d999be8e0b9f5dfea6247254?s=96&d=mm&r=g\",\"caption\":\"Auriane Mandelert\"},\"url\":\"https:\\\/\\\/www.mrn.ch\\\/en\\\/author\\\/auriane\\\/\"}]}<\/script>\n<!-- \/ Yoast SEO plugin. -->","yoast_head_json":{"title":"The history of the Roman Museum! - RMN","robots":{"index":"index","follow":"follow","max-snippet":"max-snippet:-1","max-image-preview":"max-image-preview:large","max-video-preview":"max-video-preview:-1"},"canonical":"https:\/\/www.mrn.ch\/en\/the-history-of-the-roman-museum\/","og_locale":"en_US","og_type":"article","og_title":"The history of the Roman Museum! - RMN","og_description":"Long-term cohabitation The construction of the town of Nyon dates back to Roman times, so over two thousand years of history lie under the feet of the people of Nyon! After the decline of the colony and the gradual abandonment of its monuments, the town was never completely deserted. The remains of the ancient city [&hellip;]","og_url":"https:\/\/www.mrn.ch\/en\/the-history-of-the-roman-museum\/","og_site_name":"RMN","article_publisher":"https:\/\/www.facebook.com\/museeromaindenyon\/","article_published_time":"2023-10-17T14:38:18+00:00","article_modified_time":"2026-02-17T16:22:06+00:00","og_image":[{"width":1403,"height":1000,"url":"https:\/\/www.mrn.ch\/wp-content\/uploads\/2024\/03\/MRNInauguration.jpg","type":"image\/jpeg"}],"author":"Auriane Mandelert","twitter_card":"summary_large_image","twitter_misc":{"Written by":"Auriane Mandelert","Est. reading time":"4 minutes"},"schema":{"@context":"https:\/\/schema.org","@graph":[{"@type":"Article","@id":"https:\/\/www.mrn.ch\/en\/the-history-of-the-roman-museum\/#article","isPartOf":{"@id":"https:\/\/www.mrn.ch\/en\/the-history-of-the-roman-museum\/"},"author":{"name":"Auriane Mandelert","@id":"https:\/\/www.mrn.ch\/#\/schema\/person\/cc04220813d723fb76fbe6dea61067b4"},"headline":"The history of the Roman Museum!","datePublished":"2023-10-17T14:38:18+00:00","dateModified":"2026-02-17T16:22:06+00:00","mainEntityOfPage":{"@id":"https:\/\/www.mrn.ch\/en\/the-history-of-the-roman-museum\/"},"wordCount":789,"publisher":{"@id":"https:\/\/www.mrn.ch\/#organization"},"image":{"@id":"https:\/\/www.mrn.ch\/en\/the-history-of-the-roman-museum\/#primaryimage"},"thumbnailUrl":"https:\/\/www.mrn.ch\/wp-content\/uploads\/2024\/03\/MRNInauguration.jpg","inLanguage":"en-US"},{"@type":"WebPage","@id":"https:\/\/www.mrn.ch\/en\/the-history-of-the-roman-museum\/","url":"https:\/\/www.mrn.ch\/en\/the-history-of-the-roman-museum\/","name":"The history of the Roman Museum! - RMN","isPartOf":{"@id":"https:\/\/www.mrn.ch\/#website"},"primaryImageOfPage":{"@id":"https:\/\/www.mrn.ch\/en\/the-history-of-the-roman-museum\/#primaryimage"},"image":{"@id":"https:\/\/www.mrn.ch\/en\/the-history-of-the-roman-museum\/#primaryimage"},"thumbnailUrl":"https:\/\/www.mrn.ch\/wp-content\/uploads\/2024\/03\/MRNInauguration.jpg","datePublished":"2023-10-17T14:38:18+00:00","dateModified":"2026-02-17T16:22:06+00:00","breadcrumb":{"@id":"https:\/\/www.mrn.ch\/en\/the-history-of-the-roman-museum\/#breadcrumb"},"inLanguage":"en-US","potentialAction":[{"@type":"ReadAction","target":["https:\/\/www.mrn.ch\/en\/the-history-of-the-roman-museum\/"]}]},{"@type":"ImageObject","inLanguage":"en-US","@id":"https:\/\/www.mrn.ch\/en\/the-history-of-the-roman-museum\/#primaryimage","url":"https:\/\/www.mrn.ch\/wp-content\/uploads\/2024\/03\/MRNInauguration.jpg","contentUrl":"https:\/\/www.mrn.ch\/wp-content\/uploads\/2024\/03\/MRNInauguration.jpg","width":1403,"height":1000,"caption":"Inauguration of the Roman Museum of Nyon, September 1979"},{"@type":"BreadcrumbList","@id":"https:\/\/www.mrn.ch\/en\/the-history-of-the-roman-museum\/#breadcrumb","itemListElement":[{"@type":"ListItem","position":1,"name":"Accueil","item":"https:\/\/www.mrn.ch\/en\/"},{"@type":"ListItem","position":2,"name":"The history of the Roman Museum!"}]},{"@type":"WebSite","@id":"https:\/\/www.mrn.ch\/#website","url":"https:\/\/www.mrn.ch\/","name":"MRN","description":"","publisher":{"@id":"https:\/\/www.mrn.ch\/#organization"},"potentialAction":[{"@type":"SearchAction","target":{"@type":"EntryPoint","urlTemplate":"https:\/\/www.mrn.ch\/?s={search_term_string}"},"query-input":{"@type":"PropertyValueSpecification","valueRequired":true,"valueName":"search_term_string"}}],"inLanguage":"en-US"},{"@type":"Organization","@id":"https:\/\/www.mrn.ch\/#organization","name":"Mus\u00e9e Romain de Nyon","url":"https:\/\/www.mrn.ch\/","logo":{"@type":"ImageObject","inLanguage":"en-US","@id":"https:\/\/www.mrn.ch\/#\/schema\/logo\/image\/","url":"http:\/\/www.mrn.ch\/wp-content\/uploads\/2023\/06\/ROMAIN-NYON-LOGO1-NOIR-1.png","contentUrl":"http:\/\/www.mrn.ch\/wp-content\/uploads\/2023\/06\/ROMAIN-NYON-LOGO1-NOIR-1.png","width":664,"height":276,"caption":"Mus\u00e9e Romain de Nyon"},"image":{"@id":"https:\/\/www.mrn.ch\/#\/schema\/logo\/image\/"},"sameAs":["https:\/\/www.facebook.com\/museeromaindenyon\/","https:\/\/www.instagram.com\/musee_romain_nyon\/"]},{"@type":"Person","@id":"https:\/\/www.mrn.ch\/#\/schema\/person\/cc04220813d723fb76fbe6dea61067b4","name":"Auriane Mandelert","image":{"@type":"ImageObject","inLanguage":"en-US","@id":"https:\/\/secure.gravatar.com\/avatar\/fcb850afcea6f9f75e95bbbfd533e6fff7ce48b7d999be8e0b9f5dfea6247254?s=96&d=mm&r=g","url":"https:\/\/secure.gravatar.com\/avatar\/fcb850afcea6f9f75e95bbbfd533e6fff7ce48b7d999be8e0b9f5dfea6247254?s=96&d=mm&r=g","contentUrl":"https:\/\/secure.gravatar.com\/avatar\/fcb850afcea6f9f75e95bbbfd533e6fff7ce48b7d999be8e0b9f5dfea6247254?s=96&d=mm&r=g","caption":"Auriane Mandelert"},"url":"https:\/\/www.mrn.ch\/en\/author\/auriane\/"}]}},"_links":{"self":[{"href":"https:\/\/www.mrn.ch\/en\/wp-json\/wp\/v2\/posts\/4740","targetHints":{"allow":["GET"]}}],"collection":[{"href":"https:\/\/www.mrn.ch\/en\/wp-json\/wp\/v2\/posts"}],"about":[{"href":"https:\/\/www.mrn.ch\/en\/wp-json\/wp\/v2\/types\/post"}],"author":[{"embeddable":true,"href":"https:\/\/www.mrn.ch\/en\/wp-json\/wp\/v2\/users\/6"}],"replies":[{"embeddable":true,"href":"https:\/\/www.mrn.ch\/en\/wp-json\/wp\/v2\/comments?post=4740"}],"version-history":[{"count":1,"href":"https:\/\/www.mrn.ch\/en\/wp-json\/wp\/v2\/posts\/4740\/revisions"}],"predecessor-version":[{"id":4743,"href":"https:\/\/www.mrn.ch\/en\/wp-json\/wp\/v2\/posts\/4740\/revisions\/4743"}],"wp:featuredmedia":[{"embeddable":true,"href":"https:\/\/www.mrn.ch\/en\/wp-json\/wp\/v2\/media\/2454"}],"wp:attachment":[{"href":"https:\/\/www.mrn.ch\/en\/wp-json\/wp\/v2\/media?parent=4740"}],"wp:term":[{"taxonomy":"category","embeddable":true,"href":"https:\/\/www.mrn.ch\/en\/wp-json\/wp\/v2\/categories?post=4740"},{"taxonomy":"post_tag","embeddable":true,"href":"https:\/\/www.mrn.ch\/en\/wp-json\/wp\/v2\/tags?post=4740"}],"curies":[{"name":"wp","href":"https:\/\/api.w.org\/{rel}","templated":true}]}}